
        [{"@context":"https:\/\/schema.org\/","@type":"Article","@id":"https:\/\/www.kryf.cz\/kdyz-je-treba-firemni-sidlo\/#Article","mainEntityOfPage":"https:\/\/www.kryf.cz\/kdyz-je-treba-firemni-sidlo\/","headline":"Kdy\u017e je t\u0159eba firemn\u00ed s\u00eddlo","name":"Kdy\u017e je t\u0159eba firemn\u00ed s\u00eddlo","description":"Nenalezneme docela pochopiteln\u011b \u017e\u00e1dnou firmu, kter\u00e1 by nem\u011bla krom\u011b jin\u00fdch nezbytnost\u00ed i sv\u00e9 vlastn\u00ed firemn\u00ed s\u00eddlo. A to ne proto, \u017ee by to byl n\u011bjak\u00fd rozmar na\u0161ich podnikatel\u016f, ale proto, \u017ee neb\u00fdt s\u00eddla, nemohla by \u017e\u00e1dn\u00e1 firma vlastn\u011b v\u016fbec fungovat. Firma p\u0159ece mus\u00ed m\u00edt sv\u00e9 z\u00e1kazn\u00edky, a kdyby nem\u011bla adresu, tito by ji nemohli v\u016fbec","datePublished":"2023-01-15","dateModified":"2023-06-07","author":{"@type":"Person","@id":"https:\/\/www.kryf.cz\/author\/#Person","name":"","url":"https:\/\/www.kryf.cz\/author\/","identifier":1,"image":{"@type":"ImageObject","@id":"https:\/\/secure.gravatar.com\/avatar\/7c144e1de0ecc43e7a8353c804f0c7ea63c9554336576e7048c4bdeaa59bbbbb?s=96&d=mm&r=g","url":"https:\/\/secure.gravatar.com\/avatar\/7c144e1de0ecc43e7a8353c804f0c7ea63c9554336576e7048c4bdeaa59bbbbb?s=96&d=mm&r=g","height":96,"width":96}},"publisher":{"@type":"Organization","name":"kryf.cz","logo":{"@type":"ImageObject","@id":"\/logo.png","url":"\/logo.png","width":600,"height":60}},"image":{"@type":"ImageObject","@id":"https:\/\/www.kryf.cz\/wp-content\/uploads\/architecture-4458206_960_720.jpg","url":"https:\/\/www.kryf.cz\/wp-content\/uploads\/architecture-4458206_960_720.jpg","height":0,"width":0},"url":"https:\/\/www.kryf.cz\/kdyz-je-treba-firemni-sidlo\/","about":["Slu\u017eby"],"wordCount":427,"articleBody":"   Nenalezneme docela pochopiteln\u011b \u017e\u00e1dnou firmu, kter\u00e1 by nem\u011bla krom\u011b jin\u00fdch nezbytnost\u00ed i sv\u00e9 vlastn\u00ed firemn\u00ed s\u00eddlo. A to ne proto, \u017ee by to byl n\u011bjak\u00fd rozmar na\u0161ich podnikatel\u016f, ale proto, \u017ee neb\u00fdt s\u00eddla, nemohla by \u017e\u00e1dn\u00e1 firma vlastn\u011b v\u016fbec fungovat. Firma p\u0159ece mus\u00ed m\u00edt sv\u00e9 z\u00e1kazn\u00edky, a kdyby nem\u011bla adresu, tito by ji nemohli v\u016fbec naj\u00edt, firma se mus\u00ed zodpov\u00eddat nejednomu \u00fa\u0159adu a st\u00e1tn\u00ed instituci, a i pro tyto mus\u00ed b\u00fdt dostate\u010dn\u011b snadno k nalezen\u00ed.A co tedy d\u011bl\u00e1 ka\u017ed\u00fd \u010dlov\u011bk, kter\u00fd m\u00e1 v \u00famyslu za\u010d\u00edt podnikat? Samoz\u0159ejm\u011b si jako jednu z prvn\u00edch v\u011bc\u00ed po\u0159izuje objekt vhodn\u00fd k vyu\u017eit\u00ed jako firemn\u00ed s\u00eddlo. A n\u011bjak\u00e9 takov\u00e9 s\u00eddlo si pak podr\u017e\u00ed po celou dobu sv\u00e9ho podnik\u00e1n\u00ed.Ale koup\u011b n\u011b\u010deho podobn\u00e9ho neb\u00fdv\u00e1 pr\u00e1v\u011b levnou z\u00e1le\u017eitost\u00ed. Zejm\u00e9na pokud m\u00e1 takov\u00e9 firemn\u00ed s\u00eddlo vypadat dob\u0159e, pokud m\u00e1 b\u00fdt pro ve\u0159ejnost a samoz\u0159ejm\u011b i pro onoho podnikatele samotn\u00e9ho atraktivn\u00ed. A tak m\u00e1 spousta t\u011bch, kdo by si r\u00e1di zalo\u017eili a provozovali sv\u016fj podnik, probl\u00e9m. Proto\u017ee kde aspo\u0148 trochu vhodn\u00e9 firemn\u00ed s\u00eddlo vz\u00edt, kdy\u017e je t\u0159eba rozpo\u010det napjat\u00fd nebo nen\u00ed vhodn\u00e1 nemovitost k dispozici ke koupi?Na\u0161t\u011bst\u00ed i nep\u0159\u00edli\u0161 finan\u010dn\u011b zaji\u0161t\u011bn\u00ed lid\u00e9 mohou n\u011bjak\u00e9 dob\u0159e vypadaj\u00edc\u00ed firemn\u00ed s\u00eddlo z\u00edskat. A to bez probl\u00e9m\u016f. Kdy\u017e jim toti\u017e sta\u010d\u00ed virtu\u00e1ln\u00ed s\u00eddlo, a to jim obvykle sta\u010d\u00ed, mohou m\u00edt pr\u00e1v\u011b to. Jde o zaj\u00edmav\u00e9 a cenov\u011b v\u00fdhodn\u00e9 \u0159e\u0161en\u00ed, proto\u017ee jde vlastn\u011b o zalo\u017een\u00ed a provozov\u00e1n\u00ed firmy v ciz\u00edm objektu majitele, kter\u00fd k tomu d\u00e1 souhlas.Takov\u00e1 virtu\u00e1ln\u00ed kancel\u00e1\u0159 Ostrava toti\u017e nen\u00ed a nikdy nebude majetkem podnikatele usiluj\u00edc\u00edho o z\u00edsk\u00e1n\u00ed firemn\u00edho s\u00eddla, tento si tu po\u0159izuje vlastn\u011b pouze adresu a n\u011bkter\u00e9 dal\u0161\u00ed slu\u017eby. A proto jde o z\u00e1le\u017eitost cenov\u011b v\u00fdhodnou. D\u00edky n\u00ed\u017e m\u00e1 firemn\u00ed s\u00eddlo ka\u017ed\u00fd, kdo si zakl\u00e1d\u00e1 firmu, ale sv\u00e9 s\u00eddlo doposud nevlastn\u00ed. A tak\u00e9 ten, kdo m\u00e1 sv\u016fj podnik, jen\u017e je ale pro z\u00e1kazn\u00edky natolik neatraktivn\u011b vyhl\u00ed\u017eej\u00edc\u00ed, \u017ee je z\u00e1hodno m\u00edt i takov\u00e9 virtu\u00e1ln\u00ed s\u00eddlo jako sv\u016fj pomysln\u00fd v\u00fdv\u011bsn\u00ed \u0161t\u00edt. Kter\u00fd z\u00e1kazn\u00edky zaujme.                                                                                                                                                                                                                                                                                                                                                                                                  "},{"@context":"https:\/\/schema.org\/","@type":"BreadcrumbList","itemListElement":[{"@type":"ListItem","position":1,"name":"Kdy\u017e je t\u0159eba firemn\u00ed s\u00eddlo","item":"https:\/\/www.kryf.cz\/kdyz-je-treba-firemni-sidlo\/#breadcrumbitem"}]}]