
        [{"@context":"https:\/\/schema.org\/","@type":"Article","@id":"https:\/\/www.kryf.cz\/krasa-proverena-staletimi\/#Article","mainEntityOfPage":"https:\/\/www.kryf.cz\/krasa-proverena-staletimi\/","headline":"Kr\u00e1sa prov\u011b\u0159en\u00e1 stalet\u00edmi","name":"Kr\u00e1sa prov\u011b\u0159en\u00e1 stalet\u00edmi","description":"Je to zvl\u00e1\u0161tn\u00ed, ale je tomu tak. Z\u00e1jem o star\u00e9 v\u011bci neuvad\u00e1. A nemus\u00ed se jednat v\u00fdhradn\u011b o to, co bylo vyrobeno v minulosti a m\u00e1 svoji historickou cenu. Z\u00e1jem je i o orient\u00e1ln\u00ed koberce, je\u017e byly vyrobeny teprve ned\u00e1vno. Jejich kouzlo spo\u010d\u00edv\u00e1 v tom, \u017ee je to v podstat\u011b kr\u00e1sa prov\u011b\u0159en\u00e1 stalet\u00edmi. Jimi tyto","datePublished":"2024-11-26","dateModified":"2024-11-26","author":{"@type":"Person","@id":"https:\/\/www.kryf.cz\/author\/#Person","name":"","url":"https:\/\/www.kryf.cz\/author\/","identifier":1,"image":{"@type":"ImageObject","@id":"https:\/\/secure.gravatar.com\/avatar\/7c144e1de0ecc43e7a8353c804f0c7ea63c9554336576e7048c4bdeaa59bbbbb?s=96&d=mm&r=g","url":"https:\/\/secure.gravatar.com\/avatar\/7c144e1de0ecc43e7a8353c804f0c7ea63c9554336576e7048c4bdeaa59bbbbb?s=96&d=mm&r=g","height":96,"width":96}},"publisher":{"@type":"Organization","name":"kryf.cz","logo":{"@type":"ImageObject","@id":"\/logo.png","url":"\/logo.png","width":600,"height":60}},"url":"https:\/\/www.kryf.cz\/krasa-proverena-staletimi\/","wordCount":259,"articleBody":" Je to zvl\u00e1\u0161tn\u00ed, ale je tomu tak. Z\u00e1jem o star\u00e9 v\u011bci neuvad\u00e1. A nemus\u00ed se jednat v\u00fdhradn\u011b o to, co bylo vyrobeno v minulosti a m\u00e1 svoji historickou cenu. Z\u00e1jem je i o orient\u00e1ln\u00ed koberce, je\u017e byly vyrobeny teprve ned\u00e1vno. Jejich kouzlo spo\u010d\u00edv\u00e1 v tom, \u017ee je to v podstat\u011b kr\u00e1sa prov\u011b\u0159en\u00e1 stalet\u00edmi. Jimi tyto koberce proch\u00e1zej\u00ed beze zm\u011bny. Jsou po v\u0161ech str\u00e1nk\u00e1ch dokonal\u00e9, a tak nen\u00ed nutn\u00e9 na nich cokoliv m\u011bnit. Pokud i v\u00e1m u\u010darovaly, tak si je m\u016f\u017eete po\u0159\u00eddit v tom stoprocentn\u011b klasick\u00e9m proveden\u00ed. Pokud preferujete tradici \u201ev nov\u00e9m kab\u00e1t\u011b\u201c, tak i vy si snadno vyberete. Modern\u00ed proveden\u00ed p\u0159in\u00e1\u0161\u00ed novou barevnost, jin\u00e9 motivy a vzory. N\u00e1dhern\u00e9 a praktick\u00e9 Orient\u00e1ln\u00ed koberce jsou dokonal\u00e9 bytov\u00e9 dopl\u0148ky. Je v nich toti\u017e dokonale vyv\u00e1\u017eena str\u00e1nka estetick\u00e1 s praktickou. Dok\u00e1\u017eou proto v interi\u00e9ru zaujmout sv\u00fdm vzhledem a sou\u010dasn\u011b i d\u00edky sv\u00fdm vynikaj\u00edc\u00edm vlastnostem skv\u011ble slou\u017eit. Pokud i vy tou\u017e\u00edte po bytov\u00e9m dopl\u0148ku, kter\u00fd bude v interi\u00e9ru p\u011bkn\u011b p\u016fsobit a kter\u00fd v\u00e1m poskytne maxim\u00e1ln\u00ed komfort p\u0159i u\u017e\u00edv\u00e1n\u00ed, tak vsa\u010fte na kr\u00e1su Orientu. Najdete ji v nab\u00eddce firmy Buchara, je\u017e je v\u00fdznamn\u00fdm dodavatelem tohoto zbo\u017e\u00ed na \u010desk\u00fd trh. Vyb\u00edrat m\u016f\u017eete bu\u010f na \u017eivo v kamenn\u00e9 prodejn\u011b v Praze anebo zvolit n\u00e1kup prost\u0159ednictv\u00edm internetu.                                                                                                                                                                                                                                                                                                                                                                                                "},{"@context":"https:\/\/schema.org\/","@type":"BreadcrumbList","itemListElement":[{"@type":"ListItem","position":1,"name":"Kr\u00e1sa prov\u011b\u0159en\u00e1 stalet\u00edmi","item":"https:\/\/www.kryf.cz\/krasa-proverena-staletimi\/#breadcrumbitem"}]}]