
        [{"@context":"https:\/\/schema.org\/","@type":"Article","@id":"https:\/\/www.kryf.cz\/modra-bila-cervena-staci-si-jen-vybrat\/#Article","mainEntityOfPage":"https:\/\/www.kryf.cz\/modra-bila-cervena-staci-si-jen-vybrat\/","headline":"Modr\u00e1, b\u00edl\u00e1, \u010derven\u00e1 sta\u010d\u00ed si jen vybrat","name":"Modr\u00e1, b\u00edl\u00e1, \u010derven\u00e1 sta\u010d\u00ed si jen vybrat","description":"Obl\u00edbenost barev je individu\u00e1ln\u00ed. Z\u00e1vis\u00ed zejm\u00e9na na v\u011bku a povaze \u010dlov\u011bka. Mal\u00e9 d\u011bti maj\u00ed obecn\u011b rady vesel\u00e9, jasn\u00e9 barvy. Star\u0161\u00ed lid\u00e9 up\u0159ednost\u0148uj\u00ed neutr\u00e1ln\u00ed barvy, odst\u00edny hn\u011bd\u00e9 a \u0161ed\u00e9. Temperamentn\u00ed lid\u00e9 miluj\u00ed \u010dervenou a oran\u017eovou, klidn\u011bj\u0161\u00ed inklinuj\u00ed k modr\u00fdm a fialov\u00fdm odst\u00edn\u016fm. A jakou barvu pro dekora\u010dn\u00ed l\u00e1tky zvol\u00edte vy? M\u00e1lokdo je v\u0161ak p\u0159esn\u011b vyhran\u011bn\u00fd typ.","datePublished":"2025-03-04","dateModified":"2025-03-04","author":{"@type":"Person","@id":"https:\/\/www.kryf.cz\/author\/#Person","name":"","url":"https:\/\/www.kryf.cz\/author\/","identifier":1,"image":{"@type":"ImageObject","@id":"https:\/\/secure.gravatar.com\/avatar\/7c144e1de0ecc43e7a8353c804f0c7ea63c9554336576e7048c4bdeaa59bbbbb?s=96&d=mm&r=g","url":"https:\/\/secure.gravatar.com\/avatar\/7c144e1de0ecc43e7a8353c804f0c7ea63c9554336576e7048c4bdeaa59bbbbb?s=96&d=mm&r=g","height":96,"width":96}},"publisher":{"@type":"Organization","name":"kryf.cz","logo":{"@type":"ImageObject","@id":"\/logo.png","url":"\/logo.png","width":600,"height":60}},"url":"https:\/\/www.kryf.cz\/modra-bila-cervena-staci-si-jen-vybrat\/","wordCount":181,"articleBody":"Obl\u00edbenost barev je individu\u00e1ln\u00ed. Z\u00e1vis\u00ed zejm\u00e9na na v\u011bku a povaze \u010dlov\u011bka. Mal\u00e9 d\u011bti maj\u00ed obecn\u011b rady vesel\u00e9, jasn\u00e9 barvy. Star\u0161\u00ed lid\u00e9 up\u0159ednost\u0148uj\u00ed neutr\u00e1ln\u00ed barvy, odst\u00edny hn\u011bd\u00e9 a \u0161ed\u00e9. Temperamentn\u00ed lid\u00e9 miluj\u00ed \u010dervenou a oran\u017eovou, klidn\u011bj\u0161\u00ed inklinuj\u00ed k modr\u00fdm a fialov\u00fdm odst\u00edn\u016fm. A jakou barvu pro dekora\u010dn\u00ed l\u00e1tky zvol\u00edte vy?M\u00e1lokdo je v\u0161ak p\u0159esn\u011b vyhran\u011bn\u00fd typ. Konkr\u00e9tn\u00ed barvy si \u010dlov\u011bk spojuje s ur\u010dit\u00fdmi ud\u00e1lostmi v \u017eivot\u011b a vytv\u00e1\u0159\u00ed si k nim tak specifick\u00fd vztah. Je t\u0159eba si uv\u011bdomit, \u017ee kr\u00e1tkodob\u00e9 p\u016fsoben\u00ed barvy je v\u017edy jin\u00e9 ne\u017e dlouhodob\u00e9, a tak\u00e9 to, \u017ee jinak p\u016fsob\u00ed barva na velk\u00e9 plo\u0161e a jinak, pokud je pou\u017eita v mal\u00e9m mno\u017estv\u00ed. I tento fakt m\u011bjte p\u0159i v\u00fdb\u011bru barev dekora\u010dn\u00ed l\u00e1tky na mysli!Pom\u016f\u017eeme v\u00e1m s kombinac\u00ed barev!Dekora\u010dn\u00ed l\u00e1tky a jejich barvy se tedy navz\u00e1jem ovliv\u0148uj\u00ed!                                                                                                                                                                                                                                                                                                                                                                                                "},{"@context":"https:\/\/schema.org\/","@type":"BreadcrumbList","itemListElement":[{"@type":"ListItem","position":1,"name":"Modr\u00e1, b\u00edl\u00e1, \u010derven\u00e1 sta\u010d\u00ed si jen vybrat","item":"https:\/\/www.kryf.cz\/modra-bila-cervena-staci-si-jen-vybrat\/#breadcrumbitem"}]}]