
        [{"@context":"https:\/\/schema.org\/","@type":"Blog","@id":"https:\/\/www.kryf.cz#Blog","headline":"Kryf","description":"\nChcete v\u011bd\u011bt, co se kde \u0161ustne, ale chcete, aby bylo na takov\u00e9 informace spolehnut\u00ed? Pak jste pr\u00e1v\u011b na na\u0161em webu na tom nejspr\u00e1vn\u011bj\u0161\u00edm m\u00edst\u011b.","url":"https:\/\/www.kryf.cz","hasPart":[{"@type":"Article","@id":"https:\/\/www.kryf.cz\/kdyz-se-zrovna-nedari\/","headline":"Kdy\u017e se zrovna neda\u0159\u00ed","url":"https:\/\/www.kryf.cz\/kdyz-se-zrovna-nedari\/","datePublished":"2021-05-16","dateModified":"2021-05-16","mainEntityOfPage":"https:\/\/www.kryf.cz\/kdyz-se-zrovna-nedari\/","author":{"@type":"Person","@id":"https:\/\/www.kryf.cz\/author\/#Person","name":"","url":"https:\/\/www.kryf.cz\/author\/","identifier":1,"image":{"@type":"ImageObject","@id":"https:\/\/secure.gravatar.com\/avatar\/7c144e1de0ecc43e7a8353c804f0c7ea63c9554336576e7048c4bdeaa59bbbbb?s=96&d=mm&r=g","url":"https:\/\/secure.gravatar.com\/avatar\/7c144e1de0ecc43e7a8353c804f0c7ea63c9554336576e7048c4bdeaa59bbbbb?s=96&d=mm&r=g","height":96,"width":96}},"publisher":{"@type":"Organization","name":"kryf.cz","logo":{"@type":"ImageObject","@id":"\/logo.png","url":"\/logo.png","width":600,"height":60}},"image":{"@type":"ImageObject","@id":"https:\/\/www.kryf.cz\/wp-content\/uploads\/pen%C3%ADze%20Brit%C3%A1nie_4.jpg","url":"https:\/\/www.kryf.cz\/wp-content\/uploads\/pen%C3%ADze%20Brit%C3%A1nie_4.jpg","height":0,"width":0},"wordCount":647,"keywords":null},{"@type":"Article","@id":"https:\/\/www.kryf.cz\/proc-si-poridit-solarni-panely-a-co-vsechno-tim-ziskate\/","headline":"Pro\u010d si po\u0159\u00eddit sol\u00e1rn\u00ed panely a co v\u0161echno t\u00edm z\u00edsk\u00e1te?","url":"https:\/\/www.kryf.cz\/proc-si-poridit-solarni-panely-a-co-vsechno-tim-ziskate\/","datePublished":"2021-05-14","dateModified":"2024-02-05","mainEntityOfPage":"https:\/\/www.kryf.cz\/proc-si-poridit-solarni-panely-a-co-vsechno-tim-ziskate\/","author":{"@type":"Person","@id":"https:\/\/www.kryf.cz\/author\/#Person","name":"","url":"https:\/\/www.kryf.cz\/author\/","identifier":1,"image":{"@type":"ImageObject","@id":"https:\/\/secure.gravatar.com\/avatar\/7c144e1de0ecc43e7a8353c804f0c7ea63c9554336576e7048c4bdeaa59bbbbb?s=96&d=mm&r=g","url":"https:\/\/secure.gravatar.com\/avatar\/7c144e1de0ecc43e7a8353c804f0c7ea63c9554336576e7048c4bdeaa59bbbbb?s=96&d=mm&r=g","height":96,"width":96}},"publisher":{"@type":"Organization","name":"kryf.cz","logo":{"@type":"ImageObject","@id":"\/logo.png","url":"\/logo.png","width":600,"height":60}},"image":{"@type":"ImageObject","@id":"https:\/\/www.kryf.cz\/wp-content\/uploads\/pexels-photo-371900.jpeg","url":"https:\/\/www.kryf.cz\/wp-content\/uploads\/pexels-photo-371900.jpeg","height":0,"width":0},"wordCount":644,"keywords":null},{"@type":"Article","@id":"https:\/\/www.kryf.cz\/chcete-se-pustit-do-diety-a-nevite-jak-a-kdy-zacit-ted-je-ten-spravny-cas\/","headline":"Chcete se pustit do diety a nev\u00edte, jak a kdy za\u010d\u00edt? Te\u010f je ten spr\u00e1vn\u00fd \u010das!","url":"https:\/\/www.kryf.cz\/chcete-se-pustit-do-diety-a-nevite-jak-a-kdy-zacit-ted-je-ten-spravny-cas\/","datePublished":"2021-04-11","dateModified":"2023-05-16","mainEntityOfPage":"https:\/\/www.kryf.cz\/chcete-se-pustit-do-diety-a-nevite-jak-a-kdy-zacit-ted-je-ten-spravny-cas\/","author":{"@type":"Person","@id":"https:\/\/www.kryf.cz\/author\/#Person","name":"","url":"https:\/\/www.kryf.cz\/author\/","identifier":1,"image":{"@type":"ImageObject","@id":"https:\/\/secure.gravatar.com\/avatar\/7c144e1de0ecc43e7a8353c804f0c7ea63c9554336576e7048c4bdeaa59bbbbb?s=96&d=mm&r=g","url":"https:\/\/secure.gravatar.com\/avatar\/7c144e1de0ecc43e7a8353c804f0c7ea63c9554336576e7048c4bdeaa59bbbbb?s=96&d=mm&r=g","height":96,"width":96}},"publisher":{"@type":"Organization","name":"kryf.cz","logo":{"@type":"ImageObject","@id":"\/logo.png","url":"\/logo.png","width":600,"height":60}},"image":{"@type":"ImageObject","@id":"https:\/\/www.kryf.cz\/wp-content\/uploads\/pexels-photo-616833_1.jpeg","url":"https:\/\/www.kryf.cz\/wp-content\/uploads\/pexels-photo-616833_1.jpeg","height":0,"width":0},"wordCount":635,"keywords":null},{"@type":"Article","@id":"https:\/\/www.kryf.cz\/silvini\/","headline":"Silvini","url":"https:\/\/www.kryf.cz\/silvini\/","datePublished":"2021-03-19","dateModified":"2023-05-16","mainEntityOfPage":"https:\/\/www.kryf.cz\/silvini\/","author":{"@type":"Person","@id":"https:\/\/www.kryf.cz\/author\/#Person","name":"","url":"https:\/\/www.kryf.cz\/author\/","identifier":1,"image":{"@type":"ImageObject","@id":"https:\/\/secure.gravatar.com\/avatar\/7c144e1de0ecc43e7a8353c804f0c7ea63c9554336576e7048c4bdeaa59bbbbb?s=96&d=mm&r=g","url":"https:\/\/secure.gravatar.com\/avatar\/7c144e1de0ecc43e7a8353c804f0c7ea63c9554336576e7048c4bdeaa59bbbbb?s=96&d=mm&r=g","height":96,"width":96}},"publisher":{"@type":"Organization","name":"kryf.cz","logo":{"@type":"ImageObject","@id":"\/logo.png","url":"\/logo.png","width":600,"height":60}},"image":{"@type":"ImageObject","@id":"https:\/\/www.kryf.cz\/wp-content\/uploads\/jedouc%C3%AD%20cyklisti.PNG","url":"https:\/\/www.kryf.cz\/wp-content\/uploads\/jedouc%C3%AD%20cyklisti.PNG","height":0,"width":0},"wordCount":1320,"keywords":null},{"@type":"Article","@id":"https:\/\/www.kryf.cz\/ubytovani\/","headline":"Ubytov\u00e1n\u00ed","url":"https:\/\/www.kryf.cz\/ubytovani\/","datePublished":"2021-02-19","dateModified":"2023-05-16","mainEntityOfPage":"https:\/\/www.kryf.cz\/ubytovani\/","author":{"@type":"Person","@id":"https:\/\/www.kryf.cz\/author\/#Person","name":"","url":"https:\/\/www.kryf.cz\/author\/","identifier":1,"image":{"@type":"ImageObject","@id":"https:\/\/secure.gravatar.com\/avatar\/7c144e1de0ecc43e7a8353c804f0c7ea63c9554336576e7048c4bdeaa59bbbbb?s=96&d=mm&r=g","url":"https:\/\/secure.gravatar.com\/avatar\/7c144e1de0ecc43e7a8353c804f0c7ea63c9554336576e7048c4bdeaa59bbbbb?s=96&d=mm&r=g","height":96,"width":96}},"publisher":{"@type":"Organization","name":"kryf.cz","logo":{"@type":"ImageObject","@id":"\/logo.png","url":"\/logo.png","width":600,"height":60}},"image":{"@type":"ImageObject","@id":"https:\/\/www.kryf.cz\/wp-content\/uploads\/%C3%BAtuln%C3%BD%20pokoj.PNG","url":"https:\/\/www.kryf.cz\/wp-content\/uploads\/%C3%BAtuln%C3%BD%20pokoj.PNG","height":0,"width":0},"wordCount":1017,"keywords":null},{"@type":"Article","@id":"https:\/\/www.kryf.cz\/co-je-to-stojankova-baterie\/","headline":"Co je to stoj\u00e1nkov\u00e1 baterie","url":"https:\/\/www.kryf.cz\/co-je-to-stojankova-baterie\/","datePublished":"2021-02-18","dateModified":"2023-09-13","mainEntityOfPage":"https:\/\/www.kryf.cz\/co-je-to-stojankova-baterie\/","author":{"@type":"Person","@id":"https:\/\/www.kryf.cz\/author\/#Person","name":"","url":"https:\/\/www.kryf.cz\/author\/","identifier":1,"image":{"@type":"ImageObject","@id":"https:\/\/secure.gravatar.com\/avatar\/7c144e1de0ecc43e7a8353c804f0c7ea63c9554336576e7048c4bdeaa59bbbbb?s=96&d=mm&r=g","url":"https:\/\/secure.gravatar.com\/avatar\/7c144e1de0ecc43e7a8353c804f0c7ea63c9554336576e7048c4bdeaa59bbbbb?s=96&d=mm&r=g","height":96,"width":96}},"publisher":{"@type":"Organization","name":"kryf.cz","logo":{"@type":"ImageObject","@id":"\/logo.png","url":"\/logo.png","width":600,"height":60}},"image":{"@type":"ImageObject","@id":"https:\/\/www.kryf.cz\/wp-content\/uploads\/kbaterie1_1.jpg","url":"https:\/\/www.kryf.cz\/wp-content\/uploads\/kbaterie1_1.jpg","height":0,"width":0},"wordCount":705,"keywords":null},{"@type":"Article","@id":"https:\/\/www.kryf.cz\/je-reklamni-textil-vhodny-na-bezne-noseni\/","headline":"Je reklamn\u00ed textil vhodn\u00fd na b\u011b\u017en\u00e9 no\u0161en\u00ed?","url":"https:\/\/www.kryf.cz\/je-reklamni-textil-vhodny-na-bezne-noseni\/","datePublished":"2021-02-17","dateModified":"2023-05-16","mainEntityOfPage":"https:\/\/www.kryf.cz\/je-reklamni-textil-vhodny-na-bezne-noseni\/","author":{"@type":"Person","@id":"https:\/\/www.kryf.cz\/author\/#Person","name":"","url":"https:\/\/www.kryf.cz\/author\/","identifier":1,"image":{"@type":"ImageObject","@id":"https:\/\/secure.gravatar.com\/avatar\/7c144e1de0ecc43e7a8353c804f0c7ea63c9554336576e7048c4bdeaa59bbbbb?s=96&d=mm&r=g","url":"https:\/\/secure.gravatar.com\/avatar\/7c144e1de0ecc43e7a8353c804f0c7ea63c9554336576e7048c4bdeaa59bbbbb?s=96&d=mm&r=g","height":96,"width":96}},"publisher":{"@type":"Organization","name":"kryf.cz","logo":{"@type":"ImageObject","@id":"\/logo.png","url":"\/logo.png","width":600,"height":60}},"image":{"@type":"ImageObject","@id":"https:\/\/www.kryf.cz\/wp-content\/uploads\/triko1_3.png","url":"https:\/\/www.kryf.cz\/wp-content\/uploads\/triko1_3.png","height":0,"width":0},"wordCount":704,"keywords":null},{"@type":"Article","@id":"https:\/\/www.kryf.cz\/dovolena-ve-vinarskem-meste\/","headline":"Dovolen\u00e1 ve vina\u0159sk\u00e9m m\u011bst\u011b","url":"https:\/\/www.kryf.cz\/dovolena-ve-vinarskem-meste\/","datePublished":"2021-01-17","dateModified":"2023-05-16","mainEntityOfPage":"https:\/\/www.kryf.cz\/dovolena-ve-vinarskem-meste\/","author":{"@type":"Person","@id":"https:\/\/www.kryf.cz\/author\/#Person","name":"","url":"https:\/\/www.kryf.cz\/author\/","identifier":1,"image":{"@type":"ImageObject","@id":"https:\/\/secure.gravatar.com\/avatar\/7c144e1de0ecc43e7a8353c804f0c7ea63c9554336576e7048c4bdeaa59bbbbb?s=96&d=mm&r=g","url":"https:\/\/secure.gravatar.com\/avatar\/7c144e1de0ecc43e7a8353c804f0c7ea63c9554336576e7048c4bdeaa59bbbbb?s=96&d=mm&r=g","height":96,"width":96}},"publisher":{"@type":"Organization","name":"kryf.cz","logo":{"@type":"ImageObject","@id":"\/logo.png","url":"\/logo.png","width":600,"height":60}},"image":{"@type":"ImageObject","@id":"https:\/\/www.kryf.cz\/wp-content\/uploads\/Valtice%20(2).jpg","url":"https:\/\/www.kryf.cz\/wp-content\/uploads\/Valtice%20(2).jpg","height":0,"width":0},"wordCount":558,"keywords":null},{"@type":"Article","@id":"https:\/\/www.kryf.cz\/barevne-obalky\/","headline":"Barevn\u00e9 ob\u00e1lky","url":"https:\/\/www.kryf.cz\/barevne-obalky\/","datePublished":"2020-12-20","dateModified":"2023-05-15","mainEntityOfPage":"https:\/\/www.kryf.cz\/barevne-obalky\/","author":{"@type":"Person","@id":"https:\/\/www.kryf.cz\/author\/#Person","name":"","url":"https:\/\/www.kryf.cz\/author\/","identifier":1,"image":{"@type":"ImageObject","@id":"https:\/\/secure.gravatar.com\/avatar\/7c144e1de0ecc43e7a8353c804f0c7ea63c9554336576e7048c4bdeaa59bbbbb?s=96&d=mm&r=g","url":"https:\/\/secure.gravatar.com\/avatar\/7c144e1de0ecc43e7a8353c804f0c7ea63c9554336576e7048c4bdeaa59bbbbb?s=96&d=mm&r=g","height":96,"width":96}},"publisher":{"@type":"Organization","name":"kryf.cz","logo":{"@type":"ImageObject","@id":"\/logo.png","url":"\/logo.png","width":600,"height":60}},"image":{"@type":"ImageObject","@id":"https:\/\/www.kryf.cz\/wp-content\/uploads\/barevn%C3%A9%20ob%C3%A1lky_3.png","url":"https:\/\/www.kryf.cz\/wp-content\/uploads\/barevn%C3%A9%20ob%C3%A1lky_3.png","height":0,"width":0},"wordCount":821,"keywords":null},{"@type":"Article","@id":"https:\/\/www.kryf.cz\/nabytek-co-vam-pomuze\/","headline":"N\u00e1bytek, co v\u00e1m pom\u016f\u017ee","url":"https:\/\/www.kryf.cz\/nabytek-co-vam-pomuze\/","datePublished":"2020-12-13","dateModified":"2023-05-15","mainEntityOfPage":"https:\/\/www.kryf.cz\/nabytek-co-vam-pomuze\/","author":{"@type":"Person","@id":"https:\/\/www.kryf.cz\/author\/#Person","name":"","url":"https:\/\/www.kryf.cz\/author\/","identifier":1,"image":{"@type":"ImageObject","@id":"https:\/\/secure.gravatar.com\/avatar\/7c144e1de0ecc43e7a8353c804f0c7ea63c9554336576e7048c4bdeaa59bbbbb?s=96&d=mm&r=g","url":"https:\/\/secure.gravatar.com\/avatar\/7c144e1de0ecc43e7a8353c804f0c7ea63c9554336576e7048c4bdeaa59bbbbb?s=96&d=mm&r=g","height":96,"width":96}},"publisher":{"@type":"Organization","name":"kryf.cz","logo":{"@type":"ImageObject","@id":"\/logo.png","url":"\/logo.png","width":600,"height":60}},"image":{"@type":"ImageObject","@id":"https:\/\/www.kryf.cz\/wp-content\/uploads\/Oble%C4%8Den%C3%AD.jpg","url":"https:\/\/www.kryf.cz\/wp-content\/uploads\/Oble%C4%8Den%C3%AD.jpg","height":0,"width":0},"wordCount":658,"keywords":null}]},{"@context":"https:\/\/schema.org","@type":"WebSite","@id":"https:\/\/www.kryf.cz\/#website","name":"Kryf","url":"https:\/\/www.kryf.cz","potentialAction":{"@type":"SearchAction","target":"https:\/\/www.kryf.cz\/?s={search_term_string}","query-input":"required name=search_term_string"}}]