
        [{"@context":"https:\/\/schema.org\/","@type":"Blog","@id":"https:\/\/www.kryf.cz#Blog","headline":"Kryf","description":"\nChcete v\u011bd\u011bt, co se kde \u0161ustne, ale chcete, aby bylo na takov\u00e9 informace spolehnut\u00ed? Pak jste pr\u00e1v\u011b na na\u0161em webu na tom nejspr\u00e1vn\u011bj\u0161\u00edm m\u00edst\u011b.","url":"https:\/\/www.kryf.cz","hasPart":[{"@type":"Article","@id":"https:\/\/www.kryf.cz\/potrebujete-snizit-naklady-za-bydleni\/","headline":"Pot\u0159ebujete sn\u00ed\u017eit n\u00e1klady za bydlen\u00ed?","url":"https:\/\/www.kryf.cz\/potrebujete-snizit-naklady-za-bydleni\/","datePublished":"2023-11-03","dateModified":"2023-11-03","mainEntityOfPage":"https:\/\/www.kryf.cz\/potrebujete-snizit-naklady-za-bydleni\/","author":{"@type":"Person","@id":"https:\/\/www.kryf.cz\/author\/#Person","name":"","url":"https:\/\/www.kryf.cz\/author\/","identifier":1,"image":{"@type":"ImageObject","@id":"https:\/\/secure.gravatar.com\/avatar\/7c144e1de0ecc43e7a8353c804f0c7ea63c9554336576e7048c4bdeaa59bbbbb?s=96&d=mm&r=g","url":"https:\/\/secure.gravatar.com\/avatar\/7c144e1de0ecc43e7a8353c804f0c7ea63c9554336576e7048c4bdeaa59bbbbb?s=96&d=mm&r=g","height":96,"width":96}},"publisher":{"@type":"Organization","name":"kryf.cz","logo":{"@type":"ImageObject","@id":"\/logo.png","url":"\/logo.png","width":600,"height":60}},"image":{"@type":"ImageObject","@id":"https:\/\/www.kryf.cz\/wp-content\/uploads\/solar-panels-1477987_640_2.jpg","url":"https:\/\/www.kryf.cz\/wp-content\/uploads\/solar-panels-1477987_640_2.jpg","height":0,"width":0},"wordCount":560,"keywords":null},{"@type":"Article","@id":"https:\/\/www.kryf.cz\/ubytovani-v-hotelu-cannes-bude-zarucene-nevsedni-zazitek\/","headline":"Ubytov\u00e1n\u00ed v hotelu Cannes bude zaru\u010den\u011b nev\u0161edn\u00ed z\u00e1\u017eitek","url":"https:\/\/www.kryf.cz\/ubytovani-v-hotelu-cannes-bude-zarucene-nevsedni-zazitek\/","datePublished":"2023-11-01","dateModified":"2023-11-01","mainEntityOfPage":"https:\/\/www.kryf.cz\/ubytovani-v-hotelu-cannes-bude-zarucene-nevsedni-zazitek\/","author":{"@type":"Person","@id":"https:\/\/www.kryf.cz\/author\/#Person","name":"","url":"https:\/\/www.kryf.cz\/author\/","identifier":1,"image":{"@type":"ImageObject","@id":"https:\/\/secure.gravatar.com\/avatar\/7c144e1de0ecc43e7a8353c804f0c7ea63c9554336576e7048c4bdeaa59bbbbb?s=96&d=mm&r=g","url":"https:\/\/secure.gravatar.com\/avatar\/7c144e1de0ecc43e7a8353c804f0c7ea63c9554336576e7048c4bdeaa59bbbbb?s=96&d=mm&r=g","height":96,"width":96}},"publisher":{"@type":"Organization","name":"kryf.cz","logo":{"@type":"ImageObject","@id":"\/logo.png","url":"\/logo.png","width":600,"height":60}},"image":null,"wordCount":274,"keywords":null},{"@type":"Article","@id":"https:\/\/www.kryf.cz\/domluvte-si-uklid-kancelari-na-vecerni-dobu\/","headline":"Domluvte si \u00faklid kancel\u00e1\u0159\u00ed na ve\u010dern\u00ed dobu","url":"https:\/\/www.kryf.cz\/domluvte-si-uklid-kancelari-na-vecerni-dobu\/","datePublished":"2023-10-29","dateModified":"2024-02-21","mainEntityOfPage":"https:\/\/www.kryf.cz\/domluvte-si-uklid-kancelari-na-vecerni-dobu\/","author":{"@type":"Person","@id":"https:\/\/www.kryf.cz\/author\/#Person","name":"","url":"https:\/\/www.kryf.cz\/author\/","identifier":1,"image":{"@type":"ImageObject","@id":"https:\/\/secure.gravatar.com\/avatar\/7c144e1de0ecc43e7a8353c804f0c7ea63c9554336576e7048c4bdeaa59bbbbb?s=96&d=mm&r=g","url":"https:\/\/secure.gravatar.com\/avatar\/7c144e1de0ecc43e7a8353c804f0c7ea63c9554336576e7048c4bdeaa59bbbbb?s=96&d=mm&r=g","height":96,"width":96}},"publisher":{"@type":"Organization","name":"kryf.cz","logo":{"@type":"ImageObject","@id":"\/logo.png","url":"\/logo.png","width":600,"height":60}},"image":{"@type":"ImageObject","@id":"https:\/\/www.kryf.cz\/wp-content\/uploads\/chairs-2181916_640_1.jpg","url":"https:\/\/www.kryf.cz\/wp-content\/uploads\/chairs-2181916_640_1.jpg","height":0,"width":0},"wordCount":548,"keywords":null},{"@type":"Article","@id":"https:\/\/www.kryf.cz\/feng-shui-vam-umi-pomoci\/","headline":"Feng shui v\u00e1m um\u00ed pomoci","url":"https:\/\/www.kryf.cz\/feng-shui-vam-umi-pomoci\/","datePublished":"2023-09-23","dateModified":"2023-09-23","mainEntityOfPage":"https:\/\/www.kryf.cz\/feng-shui-vam-umi-pomoci\/","author":{"@type":"Person","@id":"https:\/\/www.kryf.cz\/author\/#Person","name":"","url":"https:\/\/www.kryf.cz\/author\/","identifier":1,"image":{"@type":"ImageObject","@id":"https:\/\/secure.gravatar.com\/avatar\/7c144e1de0ecc43e7a8353c804f0c7ea63c9554336576e7048c4bdeaa59bbbbb?s=96&d=mm&r=g","url":"https:\/\/secure.gravatar.com\/avatar\/7c144e1de0ecc43e7a8353c804f0c7ea63c9554336576e7048c4bdeaa59bbbbb?s=96&d=mm&r=g","height":96,"width":96}},"publisher":{"@type":"Organization","name":"kryf.cz","logo":{"@type":"ImageObject","@id":"\/logo.png","url":"\/logo.png","width":600,"height":60}},"image":null,"wordCount":299,"keywords":null},{"@type":"Article","@id":"https:\/\/www.kryf.cz\/kvalitni-sluzby\/","headline":"Kvalitn\u00ed slu\u017eby","url":"https:\/\/www.kryf.cz\/kvalitni-sluzby\/","datePublished":"2023-08-16","dateModified":"2023-08-16","mainEntityOfPage":"https:\/\/www.kryf.cz\/kvalitni-sluzby\/","author":{"@type":"Person","@id":"https:\/\/www.kryf.cz\/author\/#Person","name":"","url":"https:\/\/www.kryf.cz\/author\/","identifier":1,"image":{"@type":"ImageObject","@id":"https:\/\/secure.gravatar.com\/avatar\/7c144e1de0ecc43e7a8353c804f0c7ea63c9554336576e7048c4bdeaa59bbbbb?s=96&d=mm&r=g","url":"https:\/\/secure.gravatar.com\/avatar\/7c144e1de0ecc43e7a8353c804f0c7ea63c9554336576e7048c4bdeaa59bbbbb?s=96&d=mm&r=g","height":96,"width":96}},"publisher":{"@type":"Organization","name":"kryf.cz","logo":{"@type":"ImageObject","@id":"\/logo.png","url":"\/logo.png","width":600,"height":60}},"image":null,"wordCount":271,"keywords":null},{"@type":"Article","@id":"https:\/\/www.kryf.cz\/jaky-kryt-na-iphone-si-poridit\/","headline":"Jak\u00fd kryt na iPhone si po\u0159\u00eddit","url":"https:\/\/www.kryf.cz\/jaky-kryt-na-iphone-si-poridit\/","datePublished":"2023-08-03","dateModified":"2023-08-03","mainEntityOfPage":"https:\/\/www.kryf.cz\/jaky-kryt-na-iphone-si-poridit\/","author":{"@type":"Person","@id":"https:\/\/www.kryf.cz\/author\/#Person","name":"","url":"https:\/\/www.kryf.cz\/author\/","identifier":1,"image":{"@type":"ImageObject","@id":"https:\/\/secure.gravatar.com\/avatar\/7c144e1de0ecc43e7a8353c804f0c7ea63c9554336576e7048c4bdeaa59bbbbb?s=96&d=mm&r=g","url":"https:\/\/secure.gravatar.com\/avatar\/7c144e1de0ecc43e7a8353c804f0c7ea63c9554336576e7048c4bdeaa59bbbbb?s=96&d=mm&r=g","height":96,"width":96}},"publisher":{"@type":"Organization","name":"kryf.cz","logo":{"@type":"ImageObject","@id":"\/logo.png","url":"\/logo.png","width":600,"height":60}},"image":{"@type":"ImageObject","@id":"https:\/\/www.kryf.cz\/wp-content\/uploads\/girl-1192032_640_1.jpg","url":"https:\/\/www.kryf.cz\/wp-content\/uploads\/girl-1192032_640_1.jpg","height":0,"width":0},"wordCount":500,"keywords":null},{"@type":"Article","@id":"https:\/\/www.kryf.cz\/viagra-jako-lek-pro-poruchy-s-erekci\/","headline":"Viagra jako l\u00e9k pro poruchy s erekc\u00ed","url":"https:\/\/www.kryf.cz\/viagra-jako-lek-pro-poruchy-s-erekci\/","datePublished":"2023-07-29","dateModified":"2024-05-29","mainEntityOfPage":"https:\/\/www.kryf.cz\/viagra-jako-lek-pro-poruchy-s-erekci\/","author":{"@type":"Person","@id":"https:\/\/www.kryf.cz\/author\/#Person","name":"","url":"https:\/\/www.kryf.cz\/author\/","identifier":1,"image":{"@type":"ImageObject","@id":"https:\/\/secure.gravatar.com\/avatar\/7c144e1de0ecc43e7a8353c804f0c7ea63c9554336576e7048c4bdeaa59bbbbb?s=96&d=mm&r=g","url":"https:\/\/secure.gravatar.com\/avatar\/7c144e1de0ecc43e7a8353c804f0c7ea63c9554336576e7048c4bdeaa59bbbbb?s=96&d=mm&r=g","height":96,"width":96}},"publisher":{"@type":"Organization","name":"kryf.cz","logo":{"@type":"ImageObject","@id":"\/logo.png","url":"\/logo.png","width":600,"height":60}},"image":{"@type":"ImageObject","@id":"https:\/\/www.kryf.cz\/wp-content\/uploads\/felicia-montenegro-sW4oSm-flso-unsplash_3.jpg","url":"https:\/\/www.kryf.cz\/wp-content\/uploads\/felicia-montenegro-sW4oSm-flso-unsplash_3.jpg","height":0,"width":0},"wordCount":597,"keywords":null},{"@type":"Article","@id":"https:\/\/www.kryf.cz\/nechte-si-podat-pomocnou-ruku\/","headline":"Nechte si podat pomocnou ruku","url":"https:\/\/www.kryf.cz\/nechte-si-podat-pomocnou-ruku\/","datePublished":"2023-07-11","dateModified":"2023-07-11","mainEntityOfPage":"https:\/\/www.kryf.cz\/nechte-si-podat-pomocnou-ruku\/","author":{"@type":"Person","@id":"https:\/\/www.kryf.cz\/author\/#Person","name":"","url":"https:\/\/www.kryf.cz\/author\/","identifier":1,"image":{"@type":"ImageObject","@id":"https:\/\/secure.gravatar.com\/avatar\/7c144e1de0ecc43e7a8353c804f0c7ea63c9554336576e7048c4bdeaa59bbbbb?s=96&d=mm&r=g","url":"https:\/\/secure.gravatar.com\/avatar\/7c144e1de0ecc43e7a8353c804f0c7ea63c9554336576e7048c4bdeaa59bbbbb?s=96&d=mm&r=g","height":96,"width":96}},"publisher":{"@type":"Organization","name":"kryf.cz","logo":{"@type":"ImageObject","@id":"\/logo.png","url":"\/logo.png","width":600,"height":60}},"image":null,"wordCount":270,"keywords":null},{"@type":"Article","@id":"https:\/\/www.kryf.cz\/ziskejte-mnoho-novych-zazitku\/","headline":"Z\u00edskejte mnoho nov\u00fdch z\u00e1\u017eitk\u016f","url":"https:\/\/www.kryf.cz\/ziskejte-mnoho-novych-zazitku\/","datePublished":"2023-06-01","dateModified":"2024-06-04","mainEntityOfPage":"https:\/\/www.kryf.cz\/ziskejte-mnoho-novych-zazitku\/","author":{"@type":"Person","@id":"https:\/\/www.kryf.cz\/author\/#Person","name":"","url":"https:\/\/www.kryf.cz\/author\/","identifier":1,"image":{"@type":"ImageObject","@id":"https:\/\/secure.gravatar.com\/avatar\/7c144e1de0ecc43e7a8353c804f0c7ea63c9554336576e7048c4bdeaa59bbbbb?s=96&d=mm&r=g","url":"https:\/\/secure.gravatar.com\/avatar\/7c144e1de0ecc43e7a8353c804f0c7ea63c9554336576e7048c4bdeaa59bbbbb?s=96&d=mm&r=g","height":96,"width":96}},"publisher":{"@type":"Organization","name":"kryf.cz","logo":{"@type":"ImageObject","@id":"\/logo.png","url":"\/logo.png","width":600,"height":60}},"image":null,"wordCount":287,"keywords":null},{"@type":"Article","@id":"https:\/\/www.kryf.cz\/poznejte-evropu-za-vikend\/","headline":"Poznejte Evropu za v\u00edkend","url":"https:\/\/www.kryf.cz\/poznejte-evropu-za-vikend\/","datePublished":"2023-05-15","dateModified":"2023-05-15","mainEntityOfPage":"https:\/\/www.kryf.cz\/poznejte-evropu-za-vikend\/","author":{"@type":"Person","@id":"https:\/\/www.kryf.cz\/author\/#Person","name":"","url":"https:\/\/www.kryf.cz\/author\/","identifier":1,"image":{"@type":"ImageObject","@id":"https:\/\/secure.gravatar.com\/avatar\/7c144e1de0ecc43e7a8353c804f0c7ea63c9554336576e7048c4bdeaa59bbbbb?s=96&d=mm&r=g","url":"https:\/\/secure.gravatar.com\/avatar\/7c144e1de0ecc43e7a8353c804f0c7ea63c9554336576e7048c4bdeaa59bbbbb?s=96&d=mm&r=g","height":96,"width":96}},"publisher":{"@type":"Organization","name":"kryf.cz","logo":{"@type":"ImageObject","@id":"\/logo.png","url":"\/logo.png","width":600,"height":60}},"image":{"@type":"ImageObject","@id":"https:\/\/www.kryf.cz\/wp-content\/uploads\/img_a337001_w1889_t1550314562.jpg","url":"https:\/\/www.kryf.cz\/wp-content\/uploads\/img_a337001_w1889_t1550314562.jpg","height":0,"width":0},"wordCount":525,"keywords":null}]},{"@context":"https:\/\/schema.org","@type":"WebSite","@id":"https:\/\/www.kryf.cz\/#website","name":"Kryf","url":"https:\/\/www.kryf.cz","potentialAction":{"@type":"SearchAction","target":"https:\/\/www.kryf.cz\/?s={search_term_string}","query-input":"required name=search_term_string"}}]