
        [{"@context":"https:\/\/schema.org\/","@type":"Blog","@id":"https:\/\/www.kryf.cz#Blog","headline":"Kryf","description":"\nChcete v\u011bd\u011bt, co se kde \u0161ustne, ale chcete, aby bylo na takov\u00e9 informace spolehnut\u00ed? Pak jste pr\u00e1v\u011b na na\u0161em webu na tom nejspr\u00e1vn\u011bj\u0161\u00edm m\u00edst\u011b.","url":"https:\/\/www.kryf.cz","hasPart":[{"@type":"Article","@id":"https:\/\/www.kryf.cz\/po-praci-dalsi-prace\/","headline":"Po pr\u00e1ci dal\u0161\u00ed pr\u00e1ce","url":"https:\/\/www.kryf.cz\/po-praci-dalsi-prace\/","datePublished":"2023-05-15","dateModified":"2023-05-15","mainEntityOfPage":"https:\/\/www.kryf.cz\/po-praci-dalsi-prace\/","author":{"@type":"Person","@id":"https:\/\/www.kryf.cz\/author\/#Person","name":"","url":"https:\/\/www.kryf.cz\/author\/","identifier":1,"image":{"@type":"ImageObject","@id":"https:\/\/secure.gravatar.com\/avatar\/7c144e1de0ecc43e7a8353c804f0c7ea63c9554336576e7048c4bdeaa59bbbbb?s=96&d=mm&r=g","url":"https:\/\/secure.gravatar.com\/avatar\/7c144e1de0ecc43e7a8353c804f0c7ea63c9554336576e7048c4bdeaa59bbbbb?s=96&d=mm&r=g","height":96,"width":96}},"publisher":{"@type":"Organization","name":"kryf.cz","logo":{"@type":"ImageObject","@id":"\/logo.png","url":"\/logo.png","width":600,"height":60}},"image":null,"wordCount":455,"keywords":null},{"@type":"Article","@id":"https:\/\/www.kryf.cz\/objevte-davnou-minulost-bulharu\/","headline":"Objevte d\u00e1vnou minulost Bulhar\u016f","url":"https:\/\/www.kryf.cz\/objevte-davnou-minulost-bulharu\/","datePublished":"2023-05-15","dateModified":"2023-05-15","mainEntityOfPage":"https:\/\/www.kryf.cz\/objevte-davnou-minulost-bulharu\/","author":{"@type":"Person","@id":"https:\/\/www.kryf.cz\/author\/#Person","name":"","url":"https:\/\/www.kryf.cz\/author\/","identifier":1,"image":{"@type":"ImageObject","@id":"https:\/\/secure.gravatar.com\/avatar\/7c144e1de0ecc43e7a8353c804f0c7ea63c9554336576e7048c4bdeaa59bbbbb?s=96&d=mm&r=g","url":"https:\/\/secure.gravatar.com\/avatar\/7c144e1de0ecc43e7a8353c804f0c7ea63c9554336576e7048c4bdeaa59bbbbb?s=96&d=mm&r=g","height":96,"width":96}},"publisher":{"@type":"Organization","name":"kryf.cz","logo":{"@type":"ImageObject","@id":"\/logo.png","url":"\/logo.png","width":600,"height":60}},"image":null,"wordCount":441,"keywords":null},{"@type":"Article","@id":"https:\/\/www.kryf.cz\/nadherna-unikatni-a-naprosto-originalni-dekorace\/","headline":"N\u00e1dhern\u00e1 unik\u00e1tn\u00ed a naprosto origin\u00e1ln\u00ed dekorace","url":"https:\/\/www.kryf.cz\/nadherna-unikatni-a-naprosto-originalni-dekorace\/","datePublished":"2023-05-15","dateModified":"2023-05-15","mainEntityOfPage":"https:\/\/www.kryf.cz\/nadherna-unikatni-a-naprosto-originalni-dekorace\/","author":{"@type":"Person","@id":"https:\/\/www.kryf.cz\/author\/#Person","name":"","url":"https:\/\/www.kryf.cz\/author\/","identifier":1,"image":{"@type":"ImageObject","@id":"https:\/\/secure.gravatar.com\/avatar\/7c144e1de0ecc43e7a8353c804f0c7ea63c9554336576e7048c4bdeaa59bbbbb?s=96&d=mm&r=g","url":"https:\/\/secure.gravatar.com\/avatar\/7c144e1de0ecc43e7a8353c804f0c7ea63c9554336576e7048c4bdeaa59bbbbb?s=96&d=mm&r=g","height":96,"width":96}},"publisher":{"@type":"Organization","name":"kryf.cz","logo":{"@type":"ImageObject","@id":"\/logo.png","url":"\/logo.png","width":600,"height":60}},"image":null,"wordCount":469,"keywords":null},{"@type":"Article","@id":"https:\/\/www.kryf.cz\/stehovani-nemusi-byt-neprijemna-zalezitost\/","headline":"St\u011bhov\u00e1n\u00ed nemus\u00ed b\u00fdt nep\u0159\u00edjemn\u00e1 z\u00e1le\u017eitost","url":"https:\/\/www.kryf.cz\/stehovani-nemusi-byt-neprijemna-zalezitost\/","datePublished":"2023-04-24","dateModified":"2023-04-24","mainEntityOfPage":"https:\/\/www.kryf.cz\/stehovani-nemusi-byt-neprijemna-zalezitost\/","author":{"@type":"Person","@id":"https:\/\/www.kryf.cz\/author\/#Person","name":"","url":"https:\/\/www.kryf.cz\/author\/","identifier":1,"image":{"@type":"ImageObject","@id":"https:\/\/secure.gravatar.com\/avatar\/7c144e1de0ecc43e7a8353c804f0c7ea63c9554336576e7048c4bdeaa59bbbbb?s=96&d=mm&r=g","url":"https:\/\/secure.gravatar.com\/avatar\/7c144e1de0ecc43e7a8353c804f0c7ea63c9554336576e7048c4bdeaa59bbbbb?s=96&d=mm&r=g","height":96,"width":96}},"publisher":{"@type":"Organization","name":"kryf.cz","logo":{"@type":"ImageObject","@id":"\/logo.png","url":"\/logo.png","width":600,"height":60}},"image":{"@type":"ImageObject","@id":"https:\/\/www.kryf.cz\/wp-content\/uploads\/pexels-photo-8978604.jpeg","url":"https:\/\/www.kryf.cz\/wp-content\/uploads\/pexels-photo-8978604.jpeg","height":0,"width":0},"wordCount":560,"keywords":null},{"@type":"Article","@id":"https:\/\/www.kryf.cz\/hypotecni-kalkulacka-vam-pomuze-s-rozhodovanim\/","headline":"Hypote\u010dn\u00ed kalkula\u010dka v\u00e1m pom\u016f\u017ee s rozhodov\u00e1n\u00edm","url":"https:\/\/www.kryf.cz\/hypotecni-kalkulacka-vam-pomuze-s-rozhodovanim\/","datePublished":"2023-04-16","dateModified":"2024-04-18","mainEntityOfPage":"https:\/\/www.kryf.cz\/hypotecni-kalkulacka-vam-pomuze-s-rozhodovanim\/","author":{"@type":"Person","@id":"https:\/\/www.kryf.cz\/author\/#Person","name":"","url":"https:\/\/www.kryf.cz\/author\/","identifier":1,"image":{"@type":"ImageObject","@id":"https:\/\/secure.gravatar.com\/avatar\/7c144e1de0ecc43e7a8353c804f0c7ea63c9554336576e7048c4bdeaa59bbbbb?s=96&d=mm&r=g","url":"https:\/\/secure.gravatar.com\/avatar\/7c144e1de0ecc43e7a8353c804f0c7ea63c9554336576e7048c4bdeaa59bbbbb?s=96&d=mm&r=g","height":96,"width":96}},"publisher":{"@type":"Organization","name":"kryf.cz","logo":{"@type":"ImageObject","@id":"\/logo.png","url":"\/logo.png","width":600,"height":60}},"image":null,"wordCount":452,"keywords":null},{"@type":"Article","@id":"https:\/\/www.kryf.cz\/neomezujte-deti-v-pohybu\/","headline":"Neomezujte d\u011bti v pohybu","url":"https:\/\/www.kryf.cz\/neomezujte-deti-v-pohybu\/","datePublished":"2023-03-11","dateModified":"2024-03-12","mainEntityOfPage":"https:\/\/www.kryf.cz\/neomezujte-deti-v-pohybu\/","author":{"@type":"Person","@id":"https:\/\/www.kryf.cz\/author\/#Person","name":"","url":"https:\/\/www.kryf.cz\/author\/","identifier":1,"image":{"@type":"ImageObject","@id":"https:\/\/secure.gravatar.com\/avatar\/7c144e1de0ecc43e7a8353c804f0c7ea63c9554336576e7048c4bdeaa59bbbbb?s=96&d=mm&r=g","url":"https:\/\/secure.gravatar.com\/avatar\/7c144e1de0ecc43e7a8353c804f0c7ea63c9554336576e7048c4bdeaa59bbbbb?s=96&d=mm&r=g","height":96,"width":96}},"publisher":{"@type":"Organization","name":"kryf.cz","logo":{"@type":"ImageObject","@id":"\/logo.png","url":"\/logo.png","width":600,"height":60}},"image":null,"wordCount":529,"keywords":null},{"@type":"Article","@id":"https:\/\/www.kryf.cz\/cbd-olej-si-zaslouzi-mnohem-lepsi-pristup\/","headline":"CBD olej si zaslou\u017e\u00ed mnohem lep\u0161\u00ed p\u0159\u00edstup","url":"https:\/\/www.kryf.cz\/cbd-olej-si-zaslouzi-mnohem-lepsi-pristup\/","datePublished":"2023-02-13","dateModified":"2023-02-13","mainEntityOfPage":"https:\/\/www.kryf.cz\/cbd-olej-si-zaslouzi-mnohem-lepsi-pristup\/","author":{"@type":"Person","@id":"https:\/\/www.kryf.cz\/author\/#Person","name":"","url":"https:\/\/www.kryf.cz\/author\/","identifier":1,"image":{"@type":"ImageObject","@id":"https:\/\/secure.gravatar.com\/avatar\/7c144e1de0ecc43e7a8353c804f0c7ea63c9554336576e7048c4bdeaa59bbbbb?s=96&d=mm&r=g","url":"https:\/\/secure.gravatar.com\/avatar\/7c144e1de0ecc43e7a8353c804f0c7ea63c9554336576e7048c4bdeaa59bbbbb?s=96&d=mm&r=g","height":96,"width":96}},"publisher":{"@type":"Organization","name":"kryf.cz","logo":{"@type":"ImageObject","@id":"\/logo.png","url":"\/logo.png","width":600,"height":60}},"image":{"@type":"ImageObject","@id":"https:\/\/www.kryf.cz\/wp-content\/uploads\/cannabis-5003417__340.jpg","url":"https:\/\/www.kryf.cz\/wp-content\/uploads\/cannabis-5003417__340.jpg","height":0,"width":0},"wordCount":591,"keywords":null},{"@type":"Article","@id":"https:\/\/www.kryf.cz\/kdyz-je-treba-firemni-sidlo\/","headline":"Kdy\u017e je t\u0159eba firemn\u00ed s\u00eddlo","url":"https:\/\/www.kryf.cz\/kdyz-je-treba-firemni-sidlo\/","datePublished":"2023-01-15","dateModified":"2023-06-07","mainEntityOfPage":"https:\/\/www.kryf.cz\/kdyz-je-treba-firemni-sidlo\/","author":{"@type":"Person","@id":"https:\/\/www.kryf.cz\/author\/#Person","name":"","url":"https:\/\/www.kryf.cz\/author\/","identifier":1,"image":{"@type":"ImageObject","@id":"https:\/\/secure.gravatar.com\/avatar\/7c144e1de0ecc43e7a8353c804f0c7ea63c9554336576e7048c4bdeaa59bbbbb?s=96&d=mm&r=g","url":"https:\/\/secure.gravatar.com\/avatar\/7c144e1de0ecc43e7a8353c804f0c7ea63c9554336576e7048c4bdeaa59bbbbb?s=96&d=mm&r=g","height":96,"width":96}},"publisher":{"@type":"Organization","name":"kryf.cz","logo":{"@type":"ImageObject","@id":"\/logo.png","url":"\/logo.png","width":600,"height":60}},"image":{"@type":"ImageObject","@id":"https:\/\/www.kryf.cz\/wp-content\/uploads\/architecture-4458206_960_720.jpg","url":"https:\/\/www.kryf.cz\/wp-content\/uploads\/architecture-4458206_960_720.jpg","height":0,"width":0},"wordCount":749,"keywords":null},{"@type":"Article","@id":"https:\/\/www.kryf.cz\/mobil-jako-darek\/","headline":"Mobil jako d\u00e1rek","url":"https:\/\/www.kryf.cz\/mobil-jako-darek\/","datePublished":"2022-12-31","dateModified":"2023-08-18","mainEntityOfPage":"https:\/\/www.kryf.cz\/mobil-jako-darek\/","author":{"@type":"Person","@id":"https:\/\/www.kryf.cz\/author\/#Person","name":"","url":"https:\/\/www.kryf.cz\/author\/","identifier":1,"image":{"@type":"ImageObject","@id":"https:\/\/secure.gravatar.com\/avatar\/7c144e1de0ecc43e7a8353c804f0c7ea63c9554336576e7048c4bdeaa59bbbbb?s=96&d=mm&r=g","url":"https:\/\/secure.gravatar.com\/avatar\/7c144e1de0ecc43e7a8353c804f0c7ea63c9554336576e7048c4bdeaa59bbbbb?s=96&d=mm&r=g","height":96,"width":96}},"publisher":{"@type":"Organization","name":"kryf.cz","logo":{"@type":"ImageObject","@id":"\/logo.png","url":"\/logo.png","width":600,"height":60}},"image":{"@type":"ImageObject","@id":"https:\/\/www.kryf.cz\/wp-content\/uploads\/mob_1.JPG","url":"https:\/\/www.kryf.cz\/wp-content\/uploads\/mob_1.JPG","height":0,"width":0},"wordCount":524,"keywords":null},{"@type":"Article","@id":"https:\/\/www.kryf.cz\/pecujte-o-sebe-i-zevnitr\/","headline":"Pe\u010dujte o sebe i zevnit\u0159","url":"https:\/\/www.kryf.cz\/pecujte-o-sebe-i-zevnitr\/","datePublished":"2022-12-30","dateModified":"2023-05-16","mainEntityOfPage":"https:\/\/www.kryf.cz\/pecujte-o-sebe-i-zevnitr\/","author":{"@type":"Person","@id":"https:\/\/www.kryf.cz\/author\/#Person","name":"","url":"https:\/\/www.kryf.cz\/author\/","identifier":1,"image":{"@type":"ImageObject","@id":"https:\/\/secure.gravatar.com\/avatar\/7c144e1de0ecc43e7a8353c804f0c7ea63c9554336576e7048c4bdeaa59bbbbb?s=96&d=mm&r=g","url":"https:\/\/secure.gravatar.com\/avatar\/7c144e1de0ecc43e7a8353c804f0c7ea63c9554336576e7048c4bdeaa59bbbbb?s=96&d=mm&r=g","height":96,"width":96}},"publisher":{"@type":"Organization","name":"kryf.cz","logo":{"@type":"ImageObject","@id":"\/logo.png","url":"\/logo.png","width":600,"height":60}},"image":{"@type":"ImageObject","@id":"https:\/\/www.kryf.cz\/wp-content\/uploads\/pexels-teona-swift-6874394_3.jpg","url":"https:\/\/www.kryf.cz\/wp-content\/uploads\/pexels-teona-swift-6874394_3.jpg","height":0,"width":0},"wordCount":565,"keywords":null}]},{"@context":"https:\/\/schema.org","@type":"WebSite","@id":"https:\/\/www.kryf.cz\/#website","name":"Kryf","url":"https:\/\/www.kryf.cz","potentialAction":{"@type":"SearchAction","target":"https:\/\/www.kryf.cz\/?s={search_term_string}","query-input":"required name=search_term_string"}}]