
        [{"@context":"https:\/\/schema.org\/","@type":"Article","@id":"https:\/\/www.kryf.cz\/svet-elegantniho-nabytku\/#Article","mainEntityOfPage":"https:\/\/www.kryf.cz\/svet-elegantniho-nabytku\/","headline":"Sv\u011bt elegantn\u00edho n\u00e1bytku","name":"Sv\u011bt elegantn\u00edho n\u00e1bytku","description":"V\u00edtejte ve sv\u011bt\u011b modern\u00edho a nad\u010dasov\u00e9ho n\u00e1bytku. Zab\u00fdv\u00e1me se v\u00fdrobou a dod\u00e1n\u00edm ji\u017e n\u011bkolik dlouh\u00fdch let, za kter\u00e9 jsme zjistili p\u0159esn\u00e9 pot\u0159eby i t\u011bch nejn\u00e1ro\u010dn\u011bj\u0161\u00edch z\u00e1kazn\u00edk\u016f. Pat\u0159\u00edme mezi p\u0159edn\u00ed internetov\u00e9 prodejce nejen v \u010cesk\u00e9, ale i Slovensk\u00e9 Republice. Na\u0161imi vlastn\u00edmi vozy V\u00e1m doprav\u00edme objednan\u00fd n\u00e1bytek a\u017e do domu. D\u00edky tomu jsme schopni zaru\u010dit bezprobl\u00e9movou a","datePublished":"2025-01-20","dateModified":"2025-01-20","author":{"@type":"Person","@id":"https:\/\/www.kryf.cz\/author\/#Person","name":"","url":"https:\/\/www.kryf.cz\/author\/","identifier":1,"image":{"@type":"ImageObject","@id":"https:\/\/secure.gravatar.com\/avatar\/7c144e1de0ecc43e7a8353c804f0c7ea63c9554336576e7048c4bdeaa59bbbbb?s=96&d=mm&r=g","url":"https:\/\/secure.gravatar.com\/avatar\/7c144e1de0ecc43e7a8353c804f0c7ea63c9554336576e7048c4bdeaa59bbbbb?s=96&d=mm&r=g","height":96,"width":96}},"publisher":{"@type":"Organization","name":"kryf.cz","logo":{"@type":"ImageObject","@id":"\/logo.png","url":"\/logo.png","width":600,"height":60}},"url":"https:\/\/www.kryf.cz\/svet-elegantniho-nabytku\/","wordCount":213,"articleBody":"V\u00edtejte ve sv\u011bt\u011b modern\u00edho a nad\u010dasov\u00e9ho n\u00e1bytku. Zab\u00fdv\u00e1me se v\u00fdrobou a dod\u00e1n\u00edm ji\u017e n\u011bkolik dlouh\u00fdch let, za kter\u00e9 jsme zjistili p\u0159esn\u00e9 pot\u0159eby i t\u011bch nejn\u00e1ro\u010dn\u011bj\u0161\u00edch z\u00e1kazn\u00edk\u016f. Pat\u0159\u00edme mezi p\u0159edn\u00ed internetov\u00e9 prodejce nejen v \u010cesk\u00e9, ale i Slovensk\u00e9 Republice. Na\u0161imi vlastn\u00edmi vozy V\u00e1m doprav\u00edme objednan\u00fd n\u00e1bytek a\u017e do domu. D\u00edky tomu jsme schopni zaru\u010dit bezprobl\u00e9movou a rychlou p\u0159epravu, bez jedin\u00e9 \u00fajmy Va\u0161eho nov\u00e9ho za\u0159\u00edzen\u00ed. Poj\u010fme si hr\u00e1t do d\u011btsk\u00e9ho pokoje Zam\u011b\u0159me se i na Va\u0161e nejmen\u0161\u00ed \u010dleny rodiny. Jejich pohodl\u00ed je pro n\u00e1s prvo\u0159ad\u00e9. Zaslou\u017e\u00ed si rovnocenn\u00fd p\u0159istup k za\u0159\u00edzen\u00ed jejich pokoje, jako kdokoliv jin\u00fd. Mo\u017en\u00e1 i v\u00edce. V\u017edy\u0165 d\u011btsk\u00fd pokoj je jejich z\u00e1zem\u00ed a spr\u00e1vn\u011b vybran\u00fd d\u011btsk\u00fd n\u00e1bytek tento pocit jen umocn\u00ed. A\u0165 u\u017e m\u00e1te doma p\u0159ed\u0161kol\u00e1ka \u010di \u0161kolou povinn\u00e9ho, u n\u00e1s si v\u017edy vyberete tu nejlep\u0161\u00ed variantu. Voliteln\u00e9 variabiln\u00ed sestavy, jednotliv\u00e9 kusy \u010di Va\u0161e vlastn\u00ed n\u00e1pady, kter\u00e9 do punt\u00edku zrealizujeme. U n\u00e1s je v\u0161e mo\u017en\u00e9.                                                                                                                                                                                                                                                                                                                                                                                                "},{"@context":"https:\/\/schema.org\/","@type":"BreadcrumbList","itemListElement":[{"@type":"ListItem","position":1,"name":"Sv\u011bt elegantn\u00edho n\u00e1bytku","item":"https:\/\/www.kryf.cz\/svet-elegantniho-nabytku\/#breadcrumbitem"}]}]