
        [{"@context":"https:\/\/schema.org\/","@type":"Article","@id":"https:\/\/www.kryf.cz\/vybavte-detem-pokojicek\/#Article","mainEntityOfPage":"https:\/\/www.kryf.cz\/vybavte-detem-pokojicek\/","headline":"Vybavte d\u011btem pokoj\u00ed\u010dek","name":"Vybavte d\u011btem pokoj\u00ed\u010dek","description":"P\u0159i vybavov\u00e1n\u00ed d\u011btsk\u00e9ho pokoje zajist\u00e9 naraz\u00edte na probl\u00e9m, jak vy\u0159e\u0161it sp\u00e1nek. Kdyby ka\u017ed\u00e9 va\u0161e d\u00edtko m\u011blo toti\u017e sv\u00e9 vlastn\u00ed l\u016f\u017eko, tak v pokoj\u00ed\u010dku nen\u00ed v\u016fbec \u017e\u00e1dn\u00e9 m\u00edsto na hran\u00ed a na tr\u00e1ven\u00ed voln\u00e9ho \u010dasu. Skv\u011ble tento probl\u00e9mek m\u016f\u017ee vy\u0159e\u0161it pr\u00e1v\u011b na\u0161e kvalitn\u00ed a skv\u011bl\u00e1 patrov\u00e1 postel, kter\u00e1 nezab\u00edr\u00e1 skoro \u017e\u00e1dn\u00e9 m\u00edsto a kter\u00e1 va\u0161im d\u011btem","datePublished":"2025-02-10","dateModified":"2025-02-10","author":{"@type":"Person","@id":"https:\/\/www.kryf.cz\/author\/#Person","name":"","url":"https:\/\/www.kryf.cz\/author\/","identifier":1,"image":{"@type":"ImageObject","@id":"https:\/\/secure.gravatar.com\/avatar\/7c144e1de0ecc43e7a8353c804f0c7ea63c9554336576e7048c4bdeaa59bbbbb?s=96&d=mm&r=g","url":"https:\/\/secure.gravatar.com\/avatar\/7c144e1de0ecc43e7a8353c804f0c7ea63c9554336576e7048c4bdeaa59bbbbb?s=96&d=mm&r=g","height":96,"width":96}},"publisher":{"@type":"Organization","name":"kryf.cz","logo":{"@type":"ImageObject","@id":"\/logo.png","url":"\/logo.png","width":600,"height":60}},"url":"https:\/\/www.kryf.cz\/vybavte-detem-pokojicek\/","wordCount":195,"articleBody":"P\u0159i vybavov\u00e1n\u00ed d\u011btsk\u00e9ho pokoje zajist\u00e9 naraz\u00edte na probl\u00e9m, jak vy\u0159e\u0161it sp\u00e1nek. Kdyby ka\u017ed\u00e9 va\u0161e d\u00edtko m\u011blo toti\u017e sv\u00e9 vlastn\u00ed l\u016f\u017eko, tak v pokoj\u00ed\u010dku nen\u00ed v\u016fbec \u017e\u00e1dn\u00e9 m\u00edsto na hran\u00ed a na tr\u00e1ven\u00ed voln\u00e9ho \u010dasu. Skv\u011ble tento probl\u00e9mek m\u016f\u017ee vy\u0159e\u0161it pr\u00e1v\u011b na\u0161e kvalitn\u00ed a skv\u011bl\u00e1 patrov\u00e1 postel, kter\u00e1 nezab\u00edr\u00e1 skoro \u017e\u00e1dn\u00e9 m\u00edsto a kter\u00e1 va\u0161im d\u011btem nab\u00eddne skv\u011bl\u00fd prostor na hran\u00ed. Dop\u0159ejte i si vy sv\u00fdm potomk\u016fm opravdu kvalitn\u00ed l\u016f\u017eko, na kter\u00e9m se jim bude sp\u00e1t zkr\u00e1tka b\u00e1je\u010dn\u011b.Kr\u00e1sn\u00e9 designyU n\u00e1s najdete opravdu velikou \u0161k\u00e1lu t\u011bch nejr\u016fzn\u011bj\u0161\u00edch patrov\u00fdch postel\u00ed. Maj\u00ed r\u016fzn\u00e9 barvy r\u016fzn\u00e9 vzory a tak\u00e9 jsou vyrobeny z t\u011bch nejr\u016fzn\u011bj\u0161\u00edch materi\u00e1l\u016f. Va\u0161e d\u011bti si na\u0161i nab\u00eddku zamiluj\u00ed, proto\u017ee tu najdou opravdu velikou spoustu kr\u00e1sn\u00fdch l\u016f\u017eek, kter\u00e9 perfektn\u011b zapadaj\u00ed do jejich d\u011btsk\u00e9ho a rozma\u0159il\u00e9ho sv\u011bta.                                                                                                                                                                                                                                                                                                                                                                                                "},{"@context":"https:\/\/schema.org\/","@type":"BreadcrumbList","itemListElement":[{"@type":"ListItem","position":1,"name":"Vybavte d\u011btem pokoj\u00ed\u010dek","item":"https:\/\/www.kryf.cz\/vybavte-detem-pokojicek\/#breadcrumbitem"}]}]